{"id":145,"count":11,"description":"","link":"https:\/\/derpsairer.it\/it\/produkt-kategorie\/speck\/","name":"Speck","slug":"speck","taxonomy":"product_cat","parent":0,"meta":[],"menu_order":1,"yoast_head":"<!-- This site is optimized with the Yoast SEO plugin v27.5 - https:\/\/yoast.com\/product\/yoast-seo-wordpress\/ -->\n<title>S\u00fcdtiroler Speck kaufen | Traditionell gereift - Der Psairer - Speck, Wurst, K\u00e4se<\/title>\n<meta name=\"description\" content=\"Das Original aus den Alpen: S\u00fcdtiroler Speck g.g.A., mild ger\u00e4uchert und an der Bergluft gereift. Hol dir den unverwechselbaren Geschmack nach Hause. Jetzt online bestellen!\" \/>\n<meta name=\"robots\" content=\"index, follow, max-snippet:-1, max-image-preview:large, max-video-preview:-1\" \/>\n<link rel=\"canonical\" href=\"https:\/\/derpsairer.it\/it\/produkt-kategorie\/speck\/\" \/>\n<meta property=\"og:locale\" content=\"it_IT\" \/>\n<meta property=\"og:type\" content=\"article\" \/>\n<meta property=\"og:title\" content=\"S\u00fcdtiroler Speck kaufen | Traditionell gereift - Der Psairer - Speck, Wurst, K\u00e4se\" \/>\n<meta property=\"og:description\" content=\"Das Original aus den Alpen: S\u00fcdtiroler Speck g.g.A., mild ger\u00e4uchert und an der Bergluft gereift. Hol dir den unverwechselbaren Geschmack nach Hause. Jetzt online bestellen!\" \/>\n<meta property=\"og:url\" content=\"https:\/\/derpsairer.it\/it\/produkt-kategorie\/speck\/\" \/>\n<meta property=\"og:site_name\" content=\"Der Psairer - Speck, Wurst, K\u00e4se\" \/>\n<meta property=\"og:image\" content=\"https:\/\/derpsairer.it\/wp-22\/wp-content\/uploads\/2020\/03\/der-psairer-speck-wurst-kaese-02.jpg\" \/>\n\t<meta property=\"og:image:width\" content=\"1920\" \/>\n\t<meta property=\"og:image:height\" content=\"900\" \/>\n\t<meta property=\"og:image:type\" content=\"image\/jpeg\" \/>\n<script type=\"application\/ld+json\" class=\"yoast-schema-graph\">{\"@context\":\"https:\\\/\\\/schema.org\",\"@graph\":[{\"@type\":\"CollectionPage\",\"@id\":\"https:\\\/\\\/derpsairer.it\\\/it\\\/produkt-kategorie\\\/speck\\\/\",\"url\":\"https:\\\/\\\/derpsairer.it\\\/it\\\/produkt-kategorie\\\/speck\\\/\",\"name\":\"S\u00fcdtiroler Speck kaufen | Traditionell gereift - Der Psairer - Speck, Wurst, K\u00e4se\",\"isPartOf\":{\"@id\":\"https:\\\/\\\/derpsairer.it\\\/it\\\/#website\"},\"description\":\"Das Original aus den Alpen: S\u00fcdtiroler Speck g.g.A., mild ger\u00e4uchert und an der Bergluft gereift. Hol dir den unverwechselbaren Geschmack nach Hause. Jetzt online bestellen!\",\"breadcrumb\":{\"@id\":\"https:\\\/\\\/derpsairer.it\\\/it\\\/produkt-kategorie\\\/speck\\\/#breadcrumb\"},\"inLanguage\":\"it-IT\"},{\"@type\":\"BreadcrumbList\",\"@id\":\"https:\\\/\\\/derpsairer.it\\\/it\\\/produkt-kategorie\\\/speck\\\/#breadcrumb\",\"itemListElement\":[{\"@type\":\"ListItem\",\"position\":1,\"name\":\"Home\",\"item\":\"https:\\\/\\\/derpsairer.it\\\/it\\\/il-negozio-di-speck-der-psairer\\\/\"},{\"@type\":\"ListItem\",\"position\":2,\"name\":\"Speck\"}]},{\"@type\":\"WebSite\",\"@id\":\"https:\\\/\\\/derpsairer.it\\\/it\\\/#website\",\"url\":\"https:\\\/\\\/derpsairer.it\\\/it\\\/\",\"name\":\"Der Psairer - Speck, Wurst, K\u00e4se\",\"description\":\"Speck, Wurst und K\u00e4s aus Passeiertal in S\u00fcdtirol online bestellen.\",\"publisher\":{\"@id\":\"https:\\\/\\\/derpsairer.it\\\/it\\\/#organization\"},\"potentialAction\":[{\"@type\":\"SearchAction\",\"target\":{\"@type\":\"EntryPoint\",\"urlTemplate\":\"https:\\\/\\\/derpsairer.it\\\/it\\\/?s={search_term_string}\"},\"query-input\":{\"@type\":\"PropertyValueSpecification\",\"valueRequired\":true,\"valueName\":\"search_term_string\"}}],\"inLanguage\":\"it-IT\"},{\"@type\":\"Organization\",\"@id\":\"https:\\\/\\\/derpsairer.it\\\/it\\\/#organization\",\"name\":\"Der Psairer - Speck, Wurst, K\u00e4se\",\"url\":\"https:\\\/\\\/derpsairer.it\\\/it\\\/\",\"logo\":{\"@type\":\"ImageObject\",\"inLanguage\":\"it-IT\",\"@id\":\"https:\\\/\\\/derpsairer.it\\\/it\\\/#\\\/schema\\\/logo\\\/image\\\/\",\"url\":\"https:\\\/\\\/derpsairer.it\\\/wp-22\\\/wp-content\\\/uploads\\\/2020\\\/03\\\/DER-PSAIRER-LOGO-2x.png\",\"contentUrl\":\"https:\\\/\\\/derpsairer.it\\\/wp-22\\\/wp-content\\\/uploads\\\/2020\\\/03\\\/DER-PSAIRER-LOGO-2x.png\",\"width\":500,\"height\":500,\"caption\":\"Der Psairer - Speck, Wurst, K\u00e4se\"},\"image\":{\"@id\":\"https:\\\/\\\/derpsairer.it\\\/it\\\/#\\\/schema\\\/logo\\\/image\\\/\"},\"sameAs\":[\"https:\\\/\\\/www.facebook.com\\\/profile.php?id=100063648246860\"]}]}<\/script>\n<!-- \/ Yoast SEO plugin. -->","yoast_head_json":{"title":"S\u00fcdtiroler Speck kaufen | Traditionell gereift - Der Psairer - Speck, Wurst, K\u00e4se","description":"Das Original aus den Alpen: S\u00fcdtiroler Speck g.g.A., mild ger\u00e4uchert und an der Bergluft gereift. Hol dir den unverwechselbaren Geschmack nach Hause. Jetzt online bestellen!","robots":{"index":"index","follow":"follow","max-snippet":"max-snippet:-1","max-image-preview":"max-image-preview:large","max-video-preview":"max-video-preview:-1"},"canonical":"https:\/\/derpsairer.it\/it\/produkt-kategorie\/speck\/","og_locale":"it_IT","og_type":"article","og_title":"S\u00fcdtiroler Speck kaufen | Traditionell gereift - Der Psairer - Speck, Wurst, K\u00e4se","og_description":"Das Original aus den Alpen: S\u00fcdtiroler Speck g.g.A., mild ger\u00e4uchert und an der Bergluft gereift. Hol dir den unverwechselbaren Geschmack nach Hause. Jetzt online bestellen!","og_url":"https:\/\/derpsairer.it\/it\/produkt-kategorie\/speck\/","og_site_name":"Der Psairer - Speck, Wurst, K\u00e4se","og_image":[{"width":1920,"height":900,"url":"https:\/\/derpsairer.it\/wp-22\/wp-content\/uploads\/2020\/03\/der-psairer-speck-wurst-kaese-02.jpg","type":"image\/jpeg"}],"schema":{"@context":"https:\/\/schema.org","@graph":[{"@type":"CollectionPage","@id":"https:\/\/derpsairer.it\/it\/produkt-kategorie\/speck\/","url":"https:\/\/derpsairer.it\/it\/produkt-kategorie\/speck\/","name":"S\u00fcdtiroler Speck kaufen | Traditionell gereift - Der Psairer - Speck, Wurst, K\u00e4se","isPartOf":{"@id":"https:\/\/derpsairer.it\/it\/#website"},"description":"Das Original aus den Alpen: S\u00fcdtiroler Speck g.g.A., mild ger\u00e4uchert und an der Bergluft gereift. Hol dir den unverwechselbaren Geschmack nach Hause. Jetzt online bestellen!","breadcrumb":{"@id":"https:\/\/derpsairer.it\/it\/produkt-kategorie\/speck\/#breadcrumb"},"inLanguage":"it-IT"},{"@type":"BreadcrumbList","@id":"https:\/\/derpsairer.it\/it\/produkt-kategorie\/speck\/#breadcrumb","itemListElement":[{"@type":"ListItem","position":1,"name":"Home","item":"https:\/\/derpsairer.it\/it\/il-negozio-di-speck-der-psairer\/"},{"@type":"ListItem","position":2,"name":"Speck"}]},{"@type":"WebSite","@id":"https:\/\/derpsairer.it\/it\/#website","url":"https:\/\/derpsairer.it\/it\/","name":"Der Psairer - Speck, Wurst, K\u00e4se","description":"Speck, Wurst und K\u00e4s aus Passeiertal in S\u00fcdtirol online bestellen.","publisher":{"@id":"https:\/\/derpsairer.it\/it\/#organization"},"potentialAction":[{"@type":"SearchAction","target":{"@type":"EntryPoint","urlTemplate":"https:\/\/derpsairer.it\/it\/?s={search_term_string}"},"query-input":{"@type":"PropertyValueSpecification","valueRequired":true,"valueName":"search_term_string"}}],"inLanguage":"it-IT"},{"@type":"Organization","@id":"https:\/\/derpsairer.it\/it\/#organization","name":"Der Psairer - Speck, Wurst, K\u00e4se","url":"https:\/\/derpsairer.it\/it\/","logo":{"@type":"ImageObject","inLanguage":"it-IT","@id":"https:\/\/derpsairer.it\/it\/#\/schema\/logo\/image\/","url":"https:\/\/derpsairer.it\/wp-22\/wp-content\/uploads\/2020\/03\/DER-PSAIRER-LOGO-2x.png","contentUrl":"https:\/\/derpsairer.it\/wp-22\/wp-content\/uploads\/2020\/03\/DER-PSAIRER-LOGO-2x.png","width":500,"height":500,"caption":"Der Psairer - Speck, Wurst, K\u00e4se"},"image":{"@id":"https:\/\/derpsairer.it\/it\/#\/schema\/logo\/image\/"},"sameAs":["https:\/\/www.facebook.com\/profile.php?id=100063648246860"]}]}},"_links":{"self":[{"href":"https:\/\/derpsairer.it\/it\/wp-json\/wp\/v2\/product_cat\/145","targetHints":{"allow":["GET"]}}],"collection":[{"href":"https:\/\/derpsairer.it\/it\/wp-json\/wp\/v2\/product_cat"}],"about":[{"href":"https:\/\/derpsairer.it\/it\/wp-json\/wp\/v2\/taxonomies\/product_cat"}],"wp:post_type":[{"href":"https:\/\/derpsairer.it\/it\/wp-json\/wp\/v2\/product?product_cat=145"}],"curies":[{"name":"wp","href":"https:\/\/api.w.org\/{rel}","templated":true}]}}